{"id":275,"date":"2018-11-21T18:08:57","date_gmt":"2018-11-21T17:08:57","guid":{"rendered":"https:\/\/nexante.fr\/?p=275"},"modified":"2018-12-01T18:31:02","modified_gmt":"2018-12-01T17:31:02","slug":"lero-eucalyptol","status":"publish","type":"post","link":"https:\/\/nexante.fr\/index.php\/2018\/11\/21\/lero-eucalyptol\/","title":{"rendered":"L\u00e9ro Eucalyptol"},"content":{"rendered":"<div id=\"js_s\" class=\"_5pbx userContent _3576\" data-ad-preview=\"message\" data-ft=\"{&quot;tn&quot;:&quot;K&quot;}\">\n<p>Nouveau pour l&rsquo;hivers : Capsules \u00ab\u00a0L\u00e9ro Eucalyptol\u00a0\u00bb \u00e0 base d&rsquo;huiles essentielles BIO ( encore du bio ! )<\/p>\n<p>Il contribue au confort des voies respiratoires sup\u00e9rieures d\u00e8s les premiers signes (sensation de nez bouch\u00e9, picotement, \u00e9ternuement, \u00e9coulement nasal).<br \/>\nL\u00e9ro Eucalyptol contient 3 huiles essentielles issues de l&rsquo;agriculture biologique certifi\u00e9e.<br \/>\nL\u00e9ro Eucalyptol est la solution naturelle au soulagement des voies respiratoires et est adapt\u00e9 aux v\u00e9gans. Boite de 15 capsules.<\/p>\n<p><a href=\"https:\/\/nexante.fr\/index.php\/2018\/11\/21\/lero-eucalyptol\/3661729019819-lero-eucaly-bio-nezgor-caps15-v01np_resultat\/\" rel=\"attachment wp-att-276\"><img loading=\"lazy\" decoding=\"async\" class=\"alignleft size-full wp-image-276\" src=\"https:\/\/nexante.fr\/wp-content\/uploads\/2018\/11\/3661729019819-LERO-EUCALY-BIO-NEZGOR-CAPS15-v01np_resultat.jpg\" alt=\"\" width=\"1000\" height=\"1000\" srcset=\"https:\/\/nexante.fr\/wp-content\/uploads\/2018\/11\/3661729019819-LERO-EUCALY-BIO-NEZGOR-CAPS15-v01np_resultat.jpg 1000w, https:\/\/nexante.fr\/wp-content\/uploads\/2018\/11\/3661729019819-LERO-EUCALY-BIO-NEZGOR-CAPS15-v01np_resultat-150x150.jpg 150w, https:\/\/nexante.fr\/wp-content\/uploads\/2018\/11\/3661729019819-LERO-EUCALY-BIO-NEZGOR-CAPS15-v01np_resultat-300x300.jpg 300w, https:\/\/nexante.fr\/wp-content\/uploads\/2018\/11\/3661729019819-LERO-EUCALY-BIO-NEZGOR-CAPS15-v01np_resultat-768x768.jpg 768w\" sizes=\"auto, (max-width: 1000px) 100vw, 1000px\" \/><\/a><\/p>\n<\/div>\n","protected":false},"excerpt":{"rendered":"<p>Nouveau pour l&rsquo;hivers : Capsules \u00ab\u00a0L\u00e9ro Eucalyptol\u00a0\u00bb \u00e0 base d&rsquo;huiles essentielles BIO ( encore du bio ! ) Il contribue<\/p>\n","protected":false},"author":1,"featured_media":278,"comment_status":"open","ping_status":"open","sticky":false,"template":"","format":"standard","meta":{"footnotes":""},"categories":[29],"tags":[],"class_list":["post-275","post","type-post","status-publish","format-standard","has-post-thumbnail","hentry","category-nouveau"],"_links":{"self":[{"href":"https:\/\/nexante.fr\/index.php\/wp-json\/wp\/v2\/posts\/275","targetHints":{"allow":["GET"]}}],"collection":[{"href":"https:\/\/nexante.fr\/index.php\/wp-json\/wp\/v2\/posts"}],"about":[{"href":"https:\/\/nexante.fr\/index.php\/wp-json\/wp\/v2\/types\/post"}],"author":[{"embeddable":true,"href":"https:\/\/nexante.fr\/index.php\/wp-json\/wp\/v2\/users\/1"}],"replies":[{"embeddable":true,"href":"https:\/\/nexante.fr\/index.php\/wp-json\/wp\/v2\/comments?post=275"}],"version-history":[{"count":2,"href":"https:\/\/nexante.fr\/index.php\/wp-json\/wp\/v2\/posts\/275\/revisions"}],"predecessor-version":[{"id":300,"href":"https:\/\/nexante.fr\/index.php\/wp-json\/wp\/v2\/posts\/275\/revisions\/300"}],"wp:featuredmedia":[{"embeddable":true,"href":"https:\/\/nexante.fr\/index.php\/wp-json\/wp\/v2\/media\/278"}],"wp:attachment":[{"href":"https:\/\/nexante.fr\/index.php\/wp-json\/wp\/v2\/media?parent=275"}],"wp:term":[{"taxonomy":"category","embeddable":true,"href":"https:\/\/nexante.fr\/index.php\/wp-json\/wp\/v2\/categories?post=275"},{"taxonomy":"post_tag","embeddable":true,"href":"https:\/\/nexante.fr\/index.php\/wp-json\/wp\/v2\/tags?post=275"}],"curies":[{"name":"wp","href":"https:\/\/api.w.org\/{rel}","templated":true}]}}